{"id":21441,"date":"2025-10-30T08:49:37","date_gmt":"2025-10-30T07:49:37","guid":{"rendered":"https:\/\/usuky.ch\/?p=21441"},"modified":"2025-10-30T08:49:39","modified_gmt":"2025-10-30T07:49:39","slug":"pp405-la-molecule-qui-pourrait-transformer-la-calvitie-tout-ce-quil-faut-savoir","status":"publish","type":"post","link":"https:\/\/usuky.ch\/de\/pp405-la-molecule-qui-pourrait-transformer-la-calvitie-tout-ce-quil-faut-savoir\/","title":{"rendered":"PP405 : la mol\u00e9cule qui pourrait transformer la calvitie \u2013 tout ce qu\u2019il faut savoir"},"content":{"rendered":"<p>La perte de cheveux est un sujet qui touche beaucoup de monde, hommes ou femmes, \u00e0 diff\u00e9rents \u00e2ges. Jusqu\u2019ici, les traitements disponibles ralentissent la chute ou stimulent un peu la croissance, mais tr\u00e8s peu r\u00e9activent vraiment les follicules capillaires dormants.<br>C\u2019est ici que la mol\u00e9cule <strong>PP405<\/strong>, d\u00e9couverte par des chercheurs de l\u2019Universit\u00e9 de Californie \u00e0 Los Angeles (UCLA), entre en jeu : une avanc\u00e9e prometteuse qui pourrait \u00eatre un tournant dans le traitement de la calvitie.<\/p>\n\n\n\n<figure class=\"wp-block-image size-full\"><img fetchpriority=\"high\" decoding=\"async\" width=\"1024\" height=\"683\" src=\"https:\/\/usuky.ch\/wp-content\/uploads\/2025\/10\/pp405-follicle-activation-process-1024x683-1.jpg\" alt=\"\" class=\"wp-image-21442\" srcset=\"https:\/\/usuky.ch\/wp-content\/uploads\/2025\/10\/pp405-follicle-activation-process-1024x683-1.jpg 1024w, https:\/\/usuky.ch\/wp-content\/uploads\/2025\/10\/pp405-follicle-activation-process-1024x683-1-300x200.jpg 300w, https:\/\/usuky.ch\/wp-content\/uploads\/2025\/10\/pp405-follicle-activation-process-1024x683-1-768x512.jpg 768w, https:\/\/usuky.ch\/wp-content\/uploads\/2025\/10\/pp405-follicle-activation-process-1024x683-1-370x247.jpg 370w, https:\/\/usuky.ch\/wp-content\/uploads\/2025\/10\/pp405-follicle-activation-process-1024x683-1-840x560.jpg 840w, https:\/\/usuky.ch\/wp-content\/uploads\/2025\/10\/pp405-follicle-activation-process-1024x683-1-410x273.jpg 410w, https:\/\/usuky.ch\/wp-content\/uploads\/2025\/10\/pp405-follicle-activation-process-1024x683-1-600x400.jpg 600w\" sizes=\"(max-width: 1024px) 100vw, 1024px\" \/><\/figure>\n\n\n\n<p class=\"has-text-align-right\">Source: Hair GP<\/p>\n\n\n\n<h2 class=\"wp-block-heading has-large-font-size\"><strong>Qu\u2019est-ce que PP405 ?<\/strong><\/h2>\n\n\n\n<ul class=\"wp-block-list\">\n<li>C\u2019est une <strong>petite mol\u00e9cule<\/strong> (small molecule) d\u00e9velopp\u00e9e \u00e0 UCLA, maintenant port\u00e9e par une entreprise de biotechnologie, <strong>Pelage Pharmaceuticals<\/strong>.<\/li>\n\n\n\n<li>Son objectif : <strong>r\u00e9activer les follicules capillaires dormants<\/strong> \u2192 ceux qui ne produisent plus de cheveux mais ne sont pas d\u00e9truits.<\/li>\n\n\n\n<li>Elle agit au niveau du m\u00e9tabolisme cellulaire, pas via des hormones comme certains traitements classiques.<\/li>\n<\/ul>\n\n\n\n<h2 class=\"wp-block-heading has-large-font-size\"><strong>M\u00e9canisme d\u2019action : comment PP405 fonctionne<\/strong><\/h2>\n\n\n\n<p>Voici ce que les recherches (publi\u00e9es ou rapport\u00e9es dans la presse scientifique\/m\u00e9dicale) montrent :<\/p>\n\n\n\n<ol class=\"wp-block-list\">\n<li><strong>Cible : les cellules souches folliculaires<\/strong><br>Ces cellules peuvent rester inactives (dormantes) pendant des p\u00e9riodes de perte de cheveux, vieillissement, stress, etc. PP405 semble pouvoir \u201cr\u00e9veiller\u201d ces cellules.<\/li>\n\n\n\n<li><strong>Voie m\u00e9tabolique : pyruvate \/ mitochondrie<\/strong>\n<ul class=\"wp-block-list\">\n<li>PP405 inhibe une prot\u00e9ine responsable du transport de pyruvate dans les mitochondries (la \u201cmitochondrial pyruvate carrier\u201d ou MPC).<\/li>\n\n\n\n<li>En bloquant ou r\u00e9duisant ce passage, la cellule s\u2019appuie davantage sur des processus m\u00e9taboliques alternatifs (glycolyse) qui sont associ\u00e9s \u00e0 l\u2019\u00e9tat actif des cellules souches.<\/li>\n\n\n\n<li>Lors d\u2019exp\u00e9riences sur des souris, cette modulation m\u00e9tabolique entra\u00eenait une repousse plus rapide et l\u2019apparition de cheveux l\u00e0 o\u00f9 il n\u2019y en avait plus.<\/li>\n<\/ul>\n<\/li>\n\n\n\n<li><strong>Application locale, pas d\u2019effets syst\u00e9miques d\u00e9tect\u00e9s \u00e0 ce jour<\/strong>\n<ul class=\"wp-block-list\">\n<li>PP405 est appliqu\u00e9 <strong>topiquement<\/strong> (sur le cuir chevelu).<\/li>\n\n\n\n<li>Jusqu\u2019\u00e0 pr\u00e9sent, les essais n\u2019ont pas montr\u00e9 de absorption notable dans le sang ni d\u2019effets secondaires s\u00e9rieux.<\/li>\n<\/ul>\n<\/li>\n<\/ol>\n\n\n\n<h2 class=\"wp-block-heading has-large-font-size\"><strong>Comparatif de la mol\u00e9cule PP405 face aux solutions existantes<\/strong><\/h2>\n\n\n\n<figure class=\"wp-block-image size-full is-resized\"><img decoding=\"async\" width=\"700\" height=\"185\" src=\"https:\/\/usuky.ch\/wp-content\/uploads\/2025\/10\/Screenshot-2025-10-06-081441.png\" alt=\"\" class=\"wp-image-21443\" style=\"width:700px;height:auto\" srcset=\"https:\/\/usuky.ch\/wp-content\/uploads\/2025\/10\/Screenshot-2025-10-06-081441.png 700w, https:\/\/usuky.ch\/wp-content\/uploads\/2025\/10\/Screenshot-2025-10-06-081441-300x79.png 300w, https:\/\/usuky.ch\/wp-content\/uploads\/2025\/10\/Screenshot-2025-10-06-081441-370x98.png 370w, https:\/\/usuky.ch\/wp-content\/uploads\/2025\/10\/Screenshot-2025-10-06-081441-410x108.png 410w, https:\/\/usuky.ch\/wp-content\/uploads\/2025\/10\/Screenshot-2025-10-06-081441-600x159.png 600w\" sizes=\"(max-width: 700px) 100vw, 700px\" \/><\/figure>\n\n\n\n<p class=\"has-text-align-right\">Source: Max-barber<\/p>\n\n\n\n<h2 class=\"wp-block-heading has-large-font-size\"><strong>O\u00f9 en est la recherche ? Les essais cliniques et r\u00e9sultats<\/strong><\/h2>\n\n\n\n<figure class=\"wp-block-table\"><table class=\"has-fixed-layout\"><tbody><tr><td>Phase<\/td><td>Participants \/ D\u00e9tails<\/td><td>Dur\u00e9e \/ Protocole<\/td><td>R\u00e9sultats principaux<\/td><\/tr><tr><td><strong>Phase pr\u00e9clinique<\/strong><\/td><td>Mod\u00e8les animaux, \u00e9chantillons de cuir chevelu humain ex vivo<\/td><td>Application de PP405 sur peau\/cuir chevelu, observation des marqueurs cellulaires<\/td><td>Activation des cellules souches (marqueurs tels que Ki67), repousse de cheveux terminaux chez la souris.<\/td><\/tr><tr><td><strong>Phase 1<\/strong><\/td><td>Petits groupes humains avec alop\u00e9cie androg\u00e9n\u00e9tique (hommes et femmes)<\/td><td>Application topique pendant 7 jours (exemple d\u2019\u00e9tude)<\/td><td>Am\u00e9lioration significative des marqueurs de croissance, bonne tol\u00e9rance, pas d\u2019effets ind\u00e9sirables s\u00e9rieux.<\/td><\/tr><tr><td><strong>Phase 2a<\/strong><\/td><td>Environ 60 \u00e0 80 participants (hommes et femmes) atteints d\u2019alop\u00e9cie androg\u00e9n\u00e9tique, divers types de peau \/ textures capillaires.<\/td><td>Application quotidienne topique + comparatif placebo sur quelques semaines (4 \u00e0 8 semaines selon \u00e9tudes)<\/td><td>Chez environ <strong>31%<\/strong> des sujets avec perte de cheveux plus avanc\u00e9e, plus de <strong>20% d\u2019augmentation de densit\u00e9 capillaire<\/strong> apr\u00e8s 8 semaines. Aucun effet secondaire grave d\u00e9tect\u00e9 ; pas d\u2019absorption syst\u00e9mique. PP405 semble m\u00eame induire une pousse l\u00e0 o\u00f9 il n\u2019y avait plus de cheveux auparavant.<\/td><\/tr><\/tbody><\/table><\/figure>\n\n\n\n<h2 class=\"wp-block-heading has-large-font-size\"><strong>Limites, incertitudes et ce qu\u2019il faut v\u00e9rifier<\/strong><\/h2>\n\n\n\n<p><strong>Follicules vraiment d\u00e9truits<\/strong> : si un follicule est mort ou compl\u00e8tement ab\u00eem\u00e9, PP405 ne pourra pas le ressusciter. Son action concerne principalement ceux qui sont \u201cdormants\u201d.<\/p>\n\n\n\n<p><strong>Dur\u00e9e des effets<\/strong> : on ne sait pas encore combien de temps les effets durent ni si un traitement continu sera n\u00e9cessaire.<\/p>\n\n\n\n<p><strong>Variabilit\u00e9 des r\u00e9sultats<\/strong> : tous les participants ne r\u00e9pondent pas de la m\u00eame mani\u00e8re. Certaines zones peuvent moins r\u00e9agir.<\/p>\n\n\n\n<p><strong>S\u00e9curit\u00e9 \u00e0 long terme<\/strong> encore \u00e0 confirmer : m\u00eame si les premiers essais ne montrent pas d\u2019effets secondaires importants, les essais \u00e0 plus large \u00e9chelle et sur plus de temps sont n\u00e9cessaires.<\/p>\n\n\n\n<p><strong>Disponibilit\u00e9 \/ approbations r\u00e9glementaires<\/strong> : PP405 n\u2019est pas encore disponible pour le public. Il doit passer d\u2019autres phases cliniques, obtenir la validation des autorit\u00e9s de sant\u00e9 (FDA, etc.).<\/p>\n\n\n\n<h2 class=\"wp-block-heading has-large-font-size\"><strong>Perspectives : vers quand, pour qui, dans quels cas<\/strong><\/h2>\n\n\n\n<p><strong>Quand ?<\/strong><br>Les estimations optimistes parlent d\u2019une possible mise \u00e0 disposition <strong>autour de 2027-2028<\/strong>, si tout se passe bien dans les phases de tests et d\u2019approbation.<\/p>\n\n\n\n<p><strong>Pour qui ?<\/strong><br>Patients en <strong>stade pr\u00e9coce<\/strong> de perte de cheveux ou avec follicules dormants encore intacts.<br>Hommes et femmes, toutes textures de cheveux, tous phototypes de peau (les \u00e9tudes incluent une diversit\u00e9).<br>Moins utile si perte tr\u00e8s avanc\u00e9e ou zones o\u00f9 les follicules sont absents ou tr\u00e8s atrophi\u00e9s.<\/p>\n\n\n\n<p><strong>Association possible avec d\u2019autres traitements<\/strong><br>On ignore encore s\u2019il serait possible \/ conseill\u00e9 de combiner PP405 avec minoxidil, finast\u00e9ride, PRP, etc. Mais comme les m\u00e9canismes sont diff\u00e9rents, il y a une possibilit\u00e9 de synergie.<\/p>\n\n\n\n<p>La d\u00e9couverte de PP405 repr\u00e9sente l\u2019une des avanc\u00e9es les plus prometteuses dans le domaine de la repousse capillaire. En ciblant les follicules dormants via des voies m\u00e9taboliques, cette mol\u00e9cule pourrait permettre non seulement de ralentir la calvitie, mais aussi de <strong>r\u00e9g\u00e9n\u00e9rer des cheveux l\u00e0 o\u00f9 il n\u2019y en avait plus<\/strong>.<\/p>\n\n\n\n<p>Cependant, il reste du chemin \u00e0 parcourir : confirmation de l\u2019efficacit\u00e9 sur le long terme, s\u00e9curit\u00e9, approbations r\u00e9glementaires, disponibilit\u00e9 pour le public.<\/p>","protected":false},"excerpt":{"rendered":"<p>La perte de cheveux est un sujet qui touche beaucoup de monde, hommes ou femmes,&hellip;<\/p>","protected":false},"author":5,"featured_media":21444,"comment_status":"open","ping_status":"open","sticky":false,"template":"","format":"standard","meta":{"footnotes":""},"categories":[90],"tags":[266,262,265,264,263,268],"class_list":["post-21441","post","type-post","status-publish","format-standard","has-post-thumbnail","hentry","category-culture-pro","tag-avancees-medicales-2025","tag-molecule-pp405","tag-recherche-cheveux-pelage-pharmaceuticals","tag-repousse-cheveux-naturelle","tag-traitement-calvitie-2025","tag-usuky"],"_links":{"self":[{"href":"https:\/\/usuky.ch\/de\/wp-json\/wp\/v2\/posts\/21441","targetHints":{"allow":["GET"]}}],"collection":[{"href":"https:\/\/usuky.ch\/de\/wp-json\/wp\/v2\/posts"}],"about":[{"href":"https:\/\/usuky.ch\/de\/wp-json\/wp\/v2\/types\/post"}],"author":[{"embeddable":true,"href":"https:\/\/usuky.ch\/de\/wp-json\/wp\/v2\/users\/5"}],"replies":[{"embeddable":true,"href":"https:\/\/usuky.ch\/de\/wp-json\/wp\/v2\/comments?post=21441"}],"version-history":[{"count":1,"href":"https:\/\/usuky.ch\/de\/wp-json\/wp\/v2\/posts\/21441\/revisions"}],"predecessor-version":[{"id":21445,"href":"https:\/\/usuky.ch\/de\/wp-json\/wp\/v2\/posts\/21441\/revisions\/21445"}],"wp:featuredmedia":[{"embeddable":true,"href":"https:\/\/usuky.ch\/de\/wp-json\/wp\/v2\/media\/21444"}],"wp:attachment":[{"href":"https:\/\/usuky.ch\/de\/wp-json\/wp\/v2\/media?parent=21441"}],"wp:term":[{"taxonomy":"category","embeddable":true,"href":"https:\/\/usuky.ch\/de\/wp-json\/wp\/v2\/categories?post=21441"},{"taxonomy":"post_tag","embeddable":true,"href":"https:\/\/usuky.ch\/de\/wp-json\/wp\/v2\/tags?post=21441"}],"curies":[{"name":"wp","href":"https:\/\/api.w.org\/{rel}","templated":true}]}}