{"id":21424,"date":"2025-09-24T13:52:42","date_gmt":"2025-09-24T11:52:42","guid":{"rendered":"https:\/\/usuky.ch\/?p=21424"},"modified":"2025-09-24T13:52:44","modified_gmt":"2025-09-24T11:52:44","slug":"apres-barbie-et-oppenheimer-les-coupes-de-cinema-qui-inspirent-les-salons","status":"publish","type":"post","link":"https:\/\/usuky.ch\/de\/apres-barbie-et-oppenheimer-les-coupes-de-cinema-qui-inspirent-les-salons\/","title":{"rendered":"Apr\u00e8s Barbie et Oppenheimer : les coupes de cin\u00e9ma qui inspirent les salons"},"content":{"rendered":"<h2 class=\"wp-block-heading\"><strong>Le cin\u00e9ma, bien plus qu\u2019un divertissement\u2026 une source d\u2019inspiration capillaire<\/strong><\/h2>\n\n\n\n<p><strong>Le cin\u00e9ma, bien plus qu\u2019un divertissement\u2026 une source d\u2019inspiration capillaire<\/strong>.<\/p>\n\n\n\n<p>L\u2019\u00e9t\u00e9 dernier, impossible de passer \u00e0 c\u00f4t\u00e9 du ph\u00e9nom\u00e8ne mondial : <strong>Barbie<\/strong> et <strong>Oppenheimer<\/strong>. Deux films aux univers radicalement oppos\u00e9s, mais qui ont en commun d\u2019avoir marqu\u00e9 autant la culture pop\u2026 que nos envies de coiffure.<br>Car oui, les blockbusters ne dictent pas seulement la mode vestimentaire. Ils influencent aussi les tendances capillaires, et les salons de coiffure en ressentent d\u00e9j\u00e0 l\u2019\u00e9cho.<\/p>\n\n\n\n<figure class=\"wp-block-image size-full\"><img fetchpriority=\"high\" decoding=\"async\" width=\"411\" height=\"272\" src=\"https:\/\/usuky.ch\/wp-content\/uploads\/2025\/09\/Screenshot-2025-08-27-124932.png\" alt=\"\" class=\"wp-image-21425\" srcset=\"https:\/\/usuky.ch\/wp-content\/uploads\/2025\/09\/Screenshot-2025-08-27-124932.png 411w, https:\/\/usuky.ch\/wp-content\/uploads\/2025\/09\/Screenshot-2025-08-27-124932-300x199.png 300w, https:\/\/usuky.ch\/wp-content\/uploads\/2025\/09\/Screenshot-2025-08-27-124932-370x245.png 370w\" sizes=\"(max-width: 600px) 100vw, 411px\" \/><\/figure>\n\n\n\n<figure class=\"wp-block-image size-full is-resized\"><img decoding=\"async\" width=\"453\" height=\"269\" src=\"https:\/\/usuky.ch\/wp-content\/uploads\/2025\/09\/Screenshot-2025-08-27-125220.png\" alt=\"\" class=\"wp-image-21426\" style=\"width:413px;height:auto\" srcset=\"https:\/\/usuky.ch\/wp-content\/uploads\/2025\/09\/Screenshot-2025-08-27-125220.png 453w, https:\/\/usuky.ch\/wp-content\/uploads\/2025\/09\/Screenshot-2025-08-27-125220-300x178.png 300w, https:\/\/usuky.ch\/wp-content\/uploads\/2025\/09\/Screenshot-2025-08-27-125220-370x220.png 370w, https:\/\/usuky.ch\/wp-content\/uploads\/2025\/09\/Screenshot-2025-08-27-125220-410x243.png 410w\" sizes=\"(max-width: 600px) 100vw, 453px\" \/><\/figure>\n\n\n\n<p><strong>Barbiecore : quand Margot Robbie relance le r\u00eave blond<\/strong><\/p>\n\n\n\n<p>Le cin\u00e9ma a ce pouvoir \u00e9trange : en deux heures, il peut cr\u00e9er une tendance mondiale. C\u2019est exactement ce qui s\u2019est pass\u00e9 avec <strong>Barbie<\/strong>. Quand Margot Robbie est apparue avec son blond lumineux et son brushing impeccable, ce n\u2019\u00e9tait pas juste une coupe de cheveux\u2026 c\u2019\u00e9tait une d\u00e9claration.<\/p>\n\n\n\n<p>Derri\u00e8re cette m\u00e9tamorphose se cache <strong>le coiffeur star Bryce Scarlett<\/strong>, habitu\u00e9 des tapis rouges hollywoodiens. C\u2019est lui qui a fa\u00e7onn\u00e9 le look Barbie de Margot Robbie : des cheveux parfaitement liss\u00e9s, gonfl\u00e9s aux pointes, brillants comme du verre et pourtant l\u00e9gers. Il a m\u00eal\u00e9 technique classique et astuces modernes pour recr\u00e9er l\u2019ic\u00f4ne\u2026 sans tomber dans la caricature<\/p>\n\n\n\n<figure class=\"wp-block-image size-full\"><img decoding=\"async\" width=\"441\" height=\"252\" src=\"https:\/\/usuky.ch\/wp-content\/uploads\/2025\/09\/Screenshot-2025-08-27-130319.png\" alt=\"\" class=\"wp-image-21427\" srcset=\"https:\/\/usuky.ch\/wp-content\/uploads\/2025\/09\/Screenshot-2025-08-27-130319.png 441w, https:\/\/usuky.ch\/wp-content\/uploads\/2025\/09\/Screenshot-2025-08-27-130319-300x171.png 300w, https:\/\/usuky.ch\/wp-content\/uploads\/2025\/09\/Screenshot-2025-08-27-130319-370x211.png 370w, https:\/\/usuky.ch\/wp-content\/uploads\/2025\/09\/Screenshot-2025-08-27-130319-410x234.png 410w\" sizes=\"(max-width: 600px) 100vw, 441px\" \/><\/figure>\n\n\n\n<p>Et l\u2019effet a \u00e9t\u00e9 imm\u00e9diat dans les salons du monde entier :<\/p>\n\n\n\n<ul class=\"wp-block-list\">\n<li>Les clientes sont arriv\u00e9es en montrant des photos de Margot Robbie, demandant \u201cce blond Barbie\u201d ou \u201cce brushing glamour\u201d.<\/li>\n\n\n\n<li>Les coiffeurs ont d\u00fb se r\u00e9approprier des techniques parfois d\u00e9laiss\u00e9es, comme le <strong>brushing volumineux \u00e0 la brosse ronde<\/strong>, ou l\u2019art subtil d\u2019effiler les pointes pour \u00e9viter l\u2019effet perruque.<\/li>\n\n\n\n<li>Les apprentis ont d\u00e9couvert qu\u2019une coupe apparemment simple exige en r\u00e9alit\u00e9 une vraie ma\u00eetrise :\n<ul class=\"wp-block-list\">\n<li>des <strong>ciseaux effileurs<\/strong> pour all\u00e9ger les longueurs,<\/li>\n\n\n\n<li>un <strong>rasoir<\/strong> pour donner des pointes nettes et vivantes,<\/li>\n\n\n\n<li>et un travail minutieux au peigne fin pour tracer des s\u00e9parations parfaites.<\/li>\n<\/ul>\n<\/li>\n<\/ul>\n\n\n\n<p>Le ph\u00e9nom\u00e8ne ne s\u2019est pas arr\u00eat\u00e9 aux salons. Sur TikTok et Instagram, le hashtag <strong>#Barbiecore<\/strong> a explos\u00e9. Les tutos \u201cHow to get Barbie Hair\u201d se comptent par milliers, et certains coiffeurs ont m\u00eame b\u00e2ti leur notori\u00e9t\u00e9 en recr\u00e9ant le look Margot Robbie sur leurs clientes.<\/p>\n\n\n\n<p>En somme, <strong>Barbie a r\u00e9veill\u00e9 une nostalgie<\/strong> : celle des coiffures glamour, travaill\u00e9es, o\u00f9 chaque m\u00e8che est pens\u00e9e. Et elle a rappel\u00e9 aux pros qu\u2019une coupe de cheveux n\u2019est jamais \u201cjuste une coupe\u201d : c\u2019est un univers, une histoire\u2026 et parfois, un ph\u00e9nom\u00e8ne mondial.<\/p>\n\n\n\n<div class=\"wp-block-columns is-layout-flex wp-container-core-columns-is-layout-9d6595d7 wp-block-columns-is-layout-flex\">\n<div class=\"wp-block-column is-layout-flow wp-block-column-is-layout-flow\">\n<figure class=\"wp-block-image size-full\"><img loading=\"lazy\" decoding=\"async\" width=\"151\" height=\"270\" src=\"https:\/\/usuky.ch\/wp-content\/uploads\/2025\/09\/Screenshot-2025-08-27-130446-1.png\" alt=\"\" class=\"wp-image-21429\"\/><\/figure>\n<\/div>\n\n\n\n<div class=\"wp-block-column is-layout-flow wp-block-column-is-layout-flow\">\n<figure class=\"wp-block-image size-full\"><img loading=\"lazy\" decoding=\"async\" width=\"178\" height=\"273\" src=\"https:\/\/usuky.ch\/wp-content\/uploads\/2025\/09\/Screenshot-2025-08-27-130527.png\" alt=\"\" class=\"wp-image-21430\"\/><\/figure>\n<\/div>\n\n\n\n<div class=\"wp-block-column is-layout-flow wp-block-column-is-layout-flow\"><\/div>\n<\/div>\n\n\n\n<p><strong>Oppenheimer : le retour du r\u00e9tro chic masculin<\/strong><\/p>\n\n\n\n<p>Si Barbie a r\u00e9veill\u00e9 les r\u00eaves color\u00e9s et flamboyants, <strong>Oppenheimer<\/strong> a rappel\u00e9 la beaut\u00e9 de la sobri\u00e9t\u00e9. D\u00e8s les premi\u00e8res images du film, <strong>Cillian Murphy<\/strong> incarne un style d\u2019une pr\u00e9cision chirurgicale : cheveux courts, raie impeccable, allure stricte des ann\u00e9es 40-50.<\/p>\n\n\n\n<figure class=\"wp-block-image size-full\"><img loading=\"lazy\" decoding=\"async\" width=\"443\" height=\"270\" src=\"https:\/\/usuky.ch\/wp-content\/uploads\/2025\/09\/Screenshot-2025-08-27-131155.png\" alt=\"\" class=\"wp-image-21431\" srcset=\"https:\/\/usuky.ch\/wp-content\/uploads\/2025\/09\/Screenshot-2025-08-27-131155.png 443w, https:\/\/usuky.ch\/wp-content\/uploads\/2025\/09\/Screenshot-2025-08-27-131155-300x183.png 300w, https:\/\/usuky.ch\/wp-content\/uploads\/2025\/09\/Screenshot-2025-08-27-131155-370x226.png 370w, https:\/\/usuky.ch\/wp-content\/uploads\/2025\/09\/Screenshot-2025-08-27-131155-410x250.png 410w\" sizes=\"(max-width: 600px) 100vw, 443px\" \/><\/figure>\n\n\n\n<p>Derri\u00e8re ce look se cache <strong>le hair designer Jaime Leigh McIntosh<\/strong>, qui a travaill\u00e9 avec l\u2019\u00e9quipe du film pour rester fid\u00e8le \u00e0 l\u2019\u00e9poque. Son d\u00e9fi ? Redonner vie \u00e0 une esth\u00e9tique d\u2019apr\u00e8s-guerre tout en la rendant cr\u00e9dible pour un public moderne. R\u00e9sultat : des coupes masculines nettes, disciplin\u00e9es, mais qui respirent la classe intemporelle.<\/p>\n\n\n\n<figure class=\"wp-block-image size-full\"><img loading=\"lazy\" decoding=\"async\" width=\"412\" height=\"271\" src=\"https:\/\/usuky.ch\/wp-content\/uploads\/2025\/09\/Screenshot-2025-08-27-131350.png\" alt=\"\" class=\"wp-image-21432\" srcset=\"https:\/\/usuky.ch\/wp-content\/uploads\/2025\/09\/Screenshot-2025-08-27-131350.png 412w, https:\/\/usuky.ch\/wp-content\/uploads\/2025\/09\/Screenshot-2025-08-27-131350-300x197.png 300w, https:\/\/usuky.ch\/wp-content\/uploads\/2025\/09\/Screenshot-2025-08-27-131350-370x243.png 370w, https:\/\/usuky.ch\/wp-content\/uploads\/2025\/09\/Screenshot-2025-08-27-131350-410x270.png 410w\" sizes=\"(max-width: 600px) 100vw, 412px\" \/><\/figure>\n\n\n\n<p>Et l\u00e0 encore, les salons n\u2019ont pas tard\u00e9 \u00e0 ressentir l\u2019impact :<\/p>\n\n\n\n<ul class=\"wp-block-list\">\n<li>Les barbiers ont vu revenir les demandes de <strong>raies bien trac\u00e9es et cheveux plaqu\u00e9s<\/strong> au gel ou \u00e0 la cire.<\/li>\n\n\n\n<li>Des jeunes clients, souvent inspir\u00e9s par les r\u00e9seaux sociaux et TikTok, sont arriv\u00e9s en demandant des **\u201ccoupes old school\u201d fa\u00e7on gentlemen\u201d.<\/li>\n\n\n\n<li>Les pros ont d\u00fb aff\u00fbter leurs techniques de pr\u00e9cision :\n<ul class=\"wp-block-list\">\n<li><strong>ciseaux droits<\/strong> pour des contours millim\u00e9tr\u00e9s,<\/li>\n\n\n\n<li><strong>rasoirs traditionnels<\/strong> pour des finitions nettes,<\/li>\n\n\n\n<li>et un travail m\u00e9ticuleux du peigne pour obtenir une sym\u00e9trie parfaite.<\/li>\n<\/ul>\n<\/li>\n<\/ul>\n\n\n\n<p>Ce retour du <strong>retro chic<\/strong> a aussi r\u00e9habilit\u00e9 un rituel oubli\u00e9 : prendre le temps. Contrairement aux styles \u201cd\u00e9coiff\u00e9s\u201d actuels, une coupe Oppenheimer exige patience, rigueur et une main d\u2019orf\u00e8vre.<\/p>\n\n\n\n<p>Au-del\u00e0 d\u2019un simple effet mode, ce ph\u00e9nom\u00e8ne a donn\u00e9 aux coiffeurs et barbiers une nouvelle opportunit\u00e9 : se positionner comme <strong>artisans du d\u00e9tail<\/strong>. Dans un monde o\u00f9 tout va vite, cette esth\u00e9tique prouve que la pr\u00e9cision et la ma\u00eetrise technique restent les meilleures cartes de visite d\u2019un professionnel.<\/p>\n\n\n\n<p>Barbie et Oppenheimer ne sont pas seulement deux films : ce sont deux <strong>mouvements esth\u00e9tiques<\/strong>.<\/p>\n\n\n\n<ul class=\"wp-block-list\">\n<li><strong>Barbie<\/strong> incarne l\u2019exub\u00e9rance, la couleur, l\u2019audace.<\/li>\n\n\n\n<li><strong>Oppenheimer<\/strong> refl\u00e8te la rigueur, l\u2019\u00e9l\u00e9gance minimaliste, l\u2019intemporalit\u00e9.<\/li>\n<\/ul>\n\n\n\n<p>Deux mondes oppos\u00e9s qui, mis c\u00f4te \u00e0 c\u00f4te, montrent la richesse du m\u00e9tier de coiffeur : passer d\u2019une chevelure glamour explosive \u00e0 une coupe stricte et millim\u00e9tr\u00e9e\u2026 avec la m\u00eame paire de ciseaux.<\/p>\n\n\n\n<p><strong>Et demain ? Les coupes venues du futur \u00e9cran<\/strong><\/p>\n\n\n\n<p>Le cin\u00e9ma continue d\u2019inspirer, et d\u00e9j\u00e0 d\u2019autres tendances se dessinent :<\/p>\n\n\n\n<ul class=\"wp-block-list\">\n<li>Les s\u00e9ries Netflix, comme <strong>Wednesday<\/strong>, ont relanc\u00e9 les franges gothiques et les coupes noires profondes.<\/li>\n\n\n\n<li>Les blockbusters Marvel et DC entretiennent la mode des cheveux mi-longs et des looks d\u00e9coiff\u00e9s de super-h\u00e9ros.<\/li>\n\n\n\n<li>Les prochains grands films de 2025 promettent d\u00e9j\u00e0 de nouvelles influences : r\u00e9tro futuristes, extravagantes ou minimalistes.<\/li>\n<\/ul>\n\n\n\n<p>Une chose est s\u00fbre : les coiffeurs devront rester en veille, car chaque sortie cin\u00e9ma peut devenir la <strong>tendance du mois au salon<\/strong>.<\/p>\n\n\n\n<p>Que vous soyez <strong>apprenti coiffeur<\/strong> \u00e0 la recherche de votre signature ou <strong>professionnel confirm\u00e9<\/strong> en qu\u00eate d\u2019inspiration, n\u2019oubliez jamais : les films sont des vitrines d\u2019id\u00e9es.<br>Chaque personnage, chaque coupe\u2026 raconte une histoire. Et vos ciseaux sont les plumes qui permettent de l\u2019\u00e9crire.<\/p>\n\n\n\n<p>Alors, la prochaine fois qu\u2019un client vous parlera de \u201cressembler \u00e0 Barbie\u201d ou \u201cd\u2019avoir le style Oppenheimer\u201d, vous saurez que vous tenez entre vos mains bien plus qu\u2019un outil : <strong>le pouvoir de transformer la fiction en r\u00e9alit\u00e9<\/strong>.<\/p>\n\n\n\n<p><\/p>","protected":false},"excerpt":{"rendered":"<p>Le cin\u00e9ma, bien plus qu\u2019un divertissement\u2026 une source d\u2019inspiration capillaire Le cin\u00e9ma, bien plus qu\u2019un&hellip;<\/p>","protected":false},"author":5,"featured_media":21433,"comment_status":"open","ping_status":"open","sticky":false,"template":"","format":"standard","meta":{"footnotes":""},"categories":[90],"tags":[251,255,253,168,260,258,252,257,259,256],"class_list":["post-21424","post","type-post","status-publish","format-standard","has-post-thumbnail","hentry","category-culture-pro","tag-barbie","tag-culture-pro","tag-inspiration-capillaire","tag-lifestyle","tag-margot-robbie","tag-mode-et-beaute","tag-oppenheimer","tag-tendances-2025","tag-tendances-cinema","tag-tendances-coiffure"],"_links":{"self":[{"href":"https:\/\/usuky.ch\/de\/wp-json\/wp\/v2\/posts\/21424","targetHints":{"allow":["GET"]}}],"collection":[{"href":"https:\/\/usuky.ch\/de\/wp-json\/wp\/v2\/posts"}],"about":[{"href":"https:\/\/usuky.ch\/de\/wp-json\/wp\/v2\/types\/post"}],"author":[{"embeddable":true,"href":"https:\/\/usuky.ch\/de\/wp-json\/wp\/v2\/users\/5"}],"replies":[{"embeddable":true,"href":"https:\/\/usuky.ch\/de\/wp-json\/wp\/v2\/comments?post=21424"}],"version-history":[{"count":1,"href":"https:\/\/usuky.ch\/de\/wp-json\/wp\/v2\/posts\/21424\/revisions"}],"predecessor-version":[{"id":21434,"href":"https:\/\/usuky.ch\/de\/wp-json\/wp\/v2\/posts\/21424\/revisions\/21434"}],"wp:featuredmedia":[{"embeddable":true,"href":"https:\/\/usuky.ch\/de\/wp-json\/wp\/v2\/media\/21433"}],"wp:attachment":[{"href":"https:\/\/usuky.ch\/de\/wp-json\/wp\/v2\/media?parent=21424"}],"wp:term":[{"taxonomy":"category","embeddable":true,"href":"https:\/\/usuky.ch\/de\/wp-json\/wp\/v2\/categories?post=21424"},{"taxonomy":"post_tag","embeddable":true,"href":"https:\/\/usuky.ch\/de\/wp-json\/wp\/v2\/tags?post=21424"}],"curies":[{"name":"wp","href":"https:\/\/api.w.org\/{rel}","templated":true}]}}